{"id":2039,"date":"2019-09-16T12:51:16","date_gmt":"2019-09-16T10:51:16","guid":{"rendered":"http:\/\/westend.es\/?p=2039"},"modified":"2021-02-23T15:32:07","modified_gmt":"2021-02-23T14:32:07","slug":"feria-de-autonomos","status":"publish","type":"post","link":"https:\/\/westend.es\/index.php\/feria-de-autonomos\/","title":{"rendered":"Feria de Aut\u00f3nomos"},"content":{"rendered":"<p>El s\u00e1bado 28 y domingo 29 de septiembre estaremos participando de la\u00a0<strong>II Feria del Trabajo Aut\u00f3nomo de Navarra en el Baluarte.<\/strong><\/p>\n<p>La\u00a0Feria del Trabajo Aut\u00f3nomo de Navarra\u00a0es una iniciativa del Servicio de Trabajo del Gobierno de Navarra, cuyo objetivo es\u00a0dar a conocer a toda la ciudadan\u00eda\u00a0las actividades de las aut\u00f3nomas y los aut\u00f3nomos de la Comunidad Foral.<\/p>\n<p>West End Idiomas participar\u00e1 de la feria con nuestros profes y tendremos dos sesiones de cuenta-cuentos en ingl\u00e9s. Las sesiones ser\u00e1n en la <strong>Sala murallas Zona A<\/strong>, el <strong>s\u00e1bado\u00a028 de 18:30 a 19:30 y el domingo 29 de\u00a011:00 a 11:45.<\/strong><\/p>\n<p>M\u00e1s informaci\u00f3n aqu\u00ed:\u00a0<a href=\"http:\/\/navarraemprende.com\/feriadetrabajoautonomodenavarra\/\">http:\/\/navarraemprende.com\/feriadetrabajoautonomodenavarra\/\u00a0<\/a><\/p>\n<p>\u00a1Os esperamos!<\/p>\n","protected":false},"excerpt":{"rendered":"<p>El s\u00e1bado 28 y domingo 29 de septiembre estaremos participando de la\u00a0II Feria del Trabajo Aut\u00f3nomo de Navarra en el Baluarte. La\u00a0Feria del Trabajo Aut\u00f3nomo de Navarra\u00a0es una iniciativa del Servicio de Trabajo del Gobierno de Navarra, cuyo objetivo es\u00a0dar a conocer a toda la ciudadan\u00eda\u00a0las actividades de las aut\u00f3nomas y los aut\u00f3nomos de la [&hellip;]<\/p>\n","protected":false},"author":2,"featured_media":2042,"comment_status":"closed","ping_status":"open","sticky":false,"template":"","format":"standard","meta":{"_et_pb_use_builder":"","_et_pb_old_content":"","_et_gb_content_width":"","footnotes":""},"categories":[24],"tags":[],"class_list":["post-2039","post","type-post","status-publish","format-standard","has-post-thumbnail","hentry","category-west-end"],"_links":{"self":[{"href":"https:\/\/westend.es\/index.php\/wp-json\/wp\/v2\/posts\/2039","targetHints":{"allow":["GET"]}}],"collection":[{"href":"https:\/\/westend.es\/index.php\/wp-json\/wp\/v2\/posts"}],"about":[{"href":"https:\/\/westend.es\/index.php\/wp-json\/wp\/v2\/types\/post"}],"author":[{"embeddable":true,"href":"https:\/\/westend.es\/index.php\/wp-json\/wp\/v2\/users\/2"}],"replies":[{"embeddable":true,"href":"https:\/\/westend.es\/index.php\/wp-json\/wp\/v2\/comments?post=2039"}],"version-history":[{"count":2,"href":"https:\/\/westend.es\/index.php\/wp-json\/wp\/v2\/posts\/2039\/revisions"}],"predecessor-version":[{"id":2043,"href":"https:\/\/westend.es\/index.php\/wp-json\/wp\/v2\/posts\/2039\/revisions\/2043"}],"wp:featuredmedia":[{"embeddable":true,"href":"https:\/\/westend.es\/index.php\/wp-json\/wp\/v2\/media\/2042"}],"wp:attachment":[{"href":"https:\/\/westend.es\/index.php\/wp-json\/wp\/v2\/media?parent=2039"}],"wp:term":[{"taxonomy":"category","embeddable":true,"href":"https:\/\/westend.es\/index.php\/wp-json\/wp\/v2\/categories?post=2039"},{"taxonomy":"post_tag","embeddable":true,"href":"https:\/\/westend.es\/index.php\/wp-json\/wp\/v2\/tags?post=2039"}],"curies":[{"name":"wp","href":"https:\/\/api.w.org\/{rel}","templated":true}]}}