{"id":2224,"date":"2020-03-12T20:42:41","date_gmt":"2020-03-12T19:42:41","guid":{"rendered":"http:\/\/westend.es\/?p=2224"},"modified":"2021-02-23T15:30:06","modified_gmt":"2021-02-23T14:30:06","slug":"cerrados-del-16-3-al-29-3","status":"publish","type":"post","link":"https:\/\/westend.es\/index.php\/cerrados-del-16-3-al-29-3\/","title":{"rendered":"CERRADOS DEL 16\/3 AL 29\/3"},"content":{"rendered":"<p>Os informamos de que, siguiendo las indicaciones del Gobierno de Navarra de cerrar centros educativos, escuelas infantiles y guarder\u00edas durante al menos dos semanas a partir del pr\u00f3ximo lunes, la academia permanecer\u00e1 <strong>cerrada desde el lunes 16 de marzo hasta el domingo 29 de marzo<\/strong>.<\/p>\n<p>Estamos preparando lo que llamamos\u00a0<strong>\u201cIndependent Learning Packs\u201d<\/strong>\u00a0con material y planes de trabajo que corresponder\u00edan\u00a0a dos semanas de clases para que los alumnos puedan seguir aprendiendo desde casa. Este material lo mandaremos por mail la semana que viene. L@s profesor@s estar\u00e1n disponibles v\u00eda email para cualquier duda que tengan l@s alumn@s y para recibir y corregir los trabajos y tareas que tengan que hacer (os daremos las direcciones email del profesor\/a correspondiente).<\/p>\n<p>Aunque la fecha oficial de cierre es el 16 de marzo, desde el Gobierno de Navarra recomiendan no acudir a centros educativos ma\u00f1ana, pero <strong>la<\/strong> <strong>academia estar\u00e1 abierta el viernes 13 de marzo para aquell@s que deseen venir a clase<\/strong>.<\/p>\n<p>Cualquier duda que teng\u00e1is por favor, poneos en contacto con nosotros a trav\u00e9s de los correos <a href=\"mailto:info@westend.es\">info@westend.es<\/a>\u00a0 o\u00a0<a href=\"mailto:mutilva@westend.es\">mutilva@westend.es<\/a>. Por nuestra parte, os mantendremos informados de cualquier novedad y cambio que pueda surgir.<\/p>\n<p>Gracias por vuestra compresi\u00f3n y colaboraci\u00f3n.<\/p>\n","protected":false},"excerpt":{"rendered":"<p>Os informamos de que, siguiendo las indicaciones del Gobierno de Navarra de cerrar centros educativos, escuelas infantiles y guarder\u00edas durante al menos dos semanas a partir del pr\u00f3ximo lunes, la academia permanecer\u00e1 cerrada desde el lunes 16 de marzo hasta el domingo 29 de marzo. Estamos preparando lo que llamamos\u00a0\u201cIndependent Learning Packs\u201d\u00a0con material y planes [&hellip;]<\/p>\n","protected":false},"author":2,"featured_media":2225,"comment_status":"closed","ping_status":"open","sticky":false,"template":"","format":"standard","meta":{"_et_pb_use_builder":"","_et_pb_old_content":"","_et_gb_content_width":"","footnotes":""},"categories":[25,24],"tags":[],"class_list":["post-2224","post","type-post","status-publish","format-standard","has-post-thumbnail","hentry","category-matriculas-horarios-y-precios","category-west-end"],"_links":{"self":[{"href":"https:\/\/westend.es\/index.php\/wp-json\/wp\/v2\/posts\/2224","targetHints":{"allow":["GET"]}}],"collection":[{"href":"https:\/\/westend.es\/index.php\/wp-json\/wp\/v2\/posts"}],"about":[{"href":"https:\/\/westend.es\/index.php\/wp-json\/wp\/v2\/types\/post"}],"author":[{"embeddable":true,"href":"https:\/\/westend.es\/index.php\/wp-json\/wp\/v2\/users\/2"}],"replies":[{"embeddable":true,"href":"https:\/\/westend.es\/index.php\/wp-json\/wp\/v2\/comments?post=2224"}],"version-history":[{"count":1,"href":"https:\/\/westend.es\/index.php\/wp-json\/wp\/v2\/posts\/2224\/revisions"}],"predecessor-version":[{"id":2226,"href":"https:\/\/westend.es\/index.php\/wp-json\/wp\/v2\/posts\/2224\/revisions\/2226"}],"wp:featuredmedia":[{"embeddable":true,"href":"https:\/\/westend.es\/index.php\/wp-json\/wp\/v2\/media\/2225"}],"wp:attachment":[{"href":"https:\/\/westend.es\/index.php\/wp-json\/wp\/v2\/media?parent=2224"}],"wp:term":[{"taxonomy":"category","embeddable":true,"href":"https:\/\/westend.es\/index.php\/wp-json\/wp\/v2\/categories?post=2224"},{"taxonomy":"post_tag","embeddable":true,"href":"https:\/\/westend.es\/index.php\/wp-json\/wp\/v2\/tags?post=2224"}],"curies":[{"name":"wp","href":"https:\/\/api.w.org\/{rel}","templated":true}]}}