{"id":2733,"date":"2021-03-30T15:35:08","date_gmt":"2021-03-30T13:35:08","guid":{"rendered":"http:\/\/westend.es\/?p=2733"},"modified":"2021-03-31T19:21:04","modified_gmt":"2021-03-31T17:21:04","slug":"happy-easter","status":"publish","type":"post","link":"https:\/\/westend.es\/index.php\/happy-easter\/","title":{"rendered":"Happy Easter!"},"content":{"rendered":"<p>[et_pb_section bb_built=&#8221;1&#8243;][et_pb_row][et_pb_column type=&#8221;4_4&#8243;][et_pb_text _builder_version=&#8221;3.0.105&#8243; background_layout=&#8221;light&#8221;]<\/p>\n<h1><strong><span style=\"color: #041791;\">Disfrutad de las\u00a0merecidas vacaciones de Semana Santa \u00a1Felices Pascuas!<\/span><\/strong><\/h1>\n<p><strong>Despu\u00e9s de las Navidades hemos trabajado\u00a0muy duro y ahora, por fin, tenemos por delante unos\u00a0merecidos d\u00edas de descanso. \u00a1Que disfrut\u00e9is!<\/strong><\/p>\n<p>Os recordamos que West End tambi\u00e9n cierra por vacaciones estos d\u00edas aunque la semana del 6 al 9 de abril desarrollemos diversas actividades y campamentos.<\/p>\n<p><strong><span style=\"color: #041791;\"><strong>WEST END MENDEBALDEA <\/strong><\/span><br \/>\nCERRADO DEL 1 AL 5 DE ABRIL (ambos inclusive)<\/strong><\/p>\n<p><strong><span style=\"color: #041791;\"><strong>WEST END MUTILVA<\/strong><\/span><br \/>\n<\/strong><strong>CERRADO DEL 1 AL 11 DE ABRIL (ambos inclusive)<\/strong><\/p>\n<hr \/>\n<h2>Happy Easter!<\/h2>\n<p>&nbsp;<\/p>\n<p>[\/et_pb_text][\/et_pb_column][\/et_pb_row][\/et_pb_section]<\/p>\n","protected":false},"excerpt":{"rendered":"<p><div class=\"et_pb_row et_pb_row_0 et_pb_row_empty\">\n\t\t\t\t\n\t\t\t\t\n\t\t\t\t\n\t\t\t\t\n\t\t\t\t\n\t\t\t<\/div> Disfrutad de las\u00a0merecidas vacaciones de Semana Santa \u00a1Felices Pascuas! Despu\u00e9s de las Navidades hemos trabajado\u00a0muy duro y ahora, por fin, tenemos por delante unos\u00a0merecidos d\u00edas de descanso. \u00a1Que disfrut\u00e9is! Os recordamos que West End tambi\u00e9n cierra por vacaciones estos d\u00edas aunque la semana del 6 al 9 de abril desarrollemos diversas actividades y campamentos. [&hellip;]<\/p>\n","protected":false},"author":2,"featured_media":2737,"comment_status":"closed","ping_status":"open","sticky":false,"template":"","format":"standard","meta":{"_et_pb_use_builder":"on","_et_pb_old_content":"<h2>Para ni\u00f1as y ni\u00f1os de 3 (1\u00ba E.Inf.) a 18 a\u00f1os<\/h2><h3>Del 6 al 9 de abril<\/h3><p>Una oportunidad \u00fanica para disfrutar de tus vacaciones jugando y reforzando los conocimientos de ingl\u00e9s de tus hijos e hijas con diversas propuestas adaptadas a sus diferentes niveles y edades.<\/p><p><strong>KIDS\u00b4CAMPS<\/strong><br \/>DE 3 A 12 A\u00d1OS. NIVELES B1 Y B2<br \/>Nuestros campamentos urbanos ofrecen a los alumnos<strong> una inmersi\u00f3n completa en la lengua inglesa para que sigan en contacto con el idioma durante las vacaciones y disfruten aprendi\u00e9ndolo.<\/strong> La compresi\u00f3n y expresi\u00f3n oral y el vocabulario se enriquecer\u00e1n con nuestra gran selecci\u00f3n de juegos, manualidades y obras de teatro.<\/p><p><strong>TEENS\u00b4CAMPS<\/strong><br \/>A PARTIR DE 12 A\u00d1OS. NIVELES B1 Y B2<br \/>Nuestros cursos para adolescentes tienen como objetivo repasar y afianzar contenidos de los niveles B1 o B2. Dentro de un ambiente ameno los estudiantes trabajar\u00e1n las cuatro destrezas del idioma a trav\u00e9s de nuestros proyectos y actividades l\u00fadico educativas.<\/p><p><a href=\"http:\/\/westend.es\/wp-content\/uploads\/2021\/03\/BANNER_ENG.jpg\"><img class=\"alignnone wp-image-2617 size-large\" src=\"http:\/\/westend.es\/wp-content\/uploads\/2021\/03\/BANNER_ENG-1024x295.jpg\" alt=\"\" width=\"1024\" height=\"295\" \/><\/a><\/p><hr \/><p><strong>Fechas: del 6 al 9 de Abril<\/strong><br \/><strong>Precio por ni\u00f1o\/ni\u00f1a<\/strong> . . . . . . . . . . . . . . . . . . . . . . . . . . . . . . . .<strong>92\u20ac<\/strong><br \/><strong>Horario: d<\/strong>e 9:30 a 13:30 horas<br \/><strong>Conciliaci\u00f3n familiar:<\/strong> de 8:30 y hasta las 14:30 horas<br \/><strong>10% de Descuento<\/strong> para <strong>alumn@s del centro y para\u00a0herman@s<\/strong>. (No acumulable)<\/p>","_et_gb_content_width":"","footnotes":""},"categories":[25,24],"tags":[27,26,17],"class_list":["post-2733","post","type-post","status-publish","format-standard","has-post-thumbnail","hentry","category-matriculas-horarios-y-precios","category-west-end","tag-horarios","tag-semana-santa","tag-westend"],"_links":{"self":[{"href":"https:\/\/westend.es\/index.php\/wp-json\/wp\/v2\/posts\/2733","targetHints":{"allow":["GET"]}}],"collection":[{"href":"https:\/\/westend.es\/index.php\/wp-json\/wp\/v2\/posts"}],"about":[{"href":"https:\/\/westend.es\/index.php\/wp-json\/wp\/v2\/types\/post"}],"author":[{"embeddable":true,"href":"https:\/\/westend.es\/index.php\/wp-json\/wp\/v2\/users\/2"}],"replies":[{"embeddable":true,"href":"https:\/\/westend.es\/index.php\/wp-json\/wp\/v2\/comments?post=2733"}],"version-history":[{"count":2,"href":"https:\/\/westend.es\/index.php\/wp-json\/wp\/v2\/posts\/2733\/revisions"}],"predecessor-version":[{"id":2736,"href":"https:\/\/westend.es\/index.php\/wp-json\/wp\/v2\/posts\/2733\/revisions\/2736"}],"wp:featuredmedia":[{"embeddable":true,"href":"https:\/\/westend.es\/index.php\/wp-json\/wp\/v2\/media\/2737"}],"wp:attachment":[{"href":"https:\/\/westend.es\/index.php\/wp-json\/wp\/v2\/media?parent=2733"}],"wp:term":[{"taxonomy":"category","embeddable":true,"href":"https:\/\/westend.es\/index.php\/wp-json\/wp\/v2\/categories?post=2733"},{"taxonomy":"post_tag","embeddable":true,"href":"https:\/\/westend.es\/index.php\/wp-json\/wp\/v2\/tags?post=2733"}],"curies":[{"name":"wp","href":"https:\/\/api.w.org\/{rel}","templated":true}]}}